{"id":1787,"date":"2020-05-13T20:56:32","date_gmt":"2020-05-13T18:56:32","guid":{"rendered":"https:\/\/konto-acoustics.com\/akusztikai-panelek-a-promenade-gardens-i-irodafejleszteshez\/"},"modified":"2023-12-11T14:51:00","modified_gmt":"2023-12-11T13:51:00","slug":"akusztikai-panelek-a-promenade-gardens-i-irodafejleszteshez","status":"publish","type":"post","link":"https:\/\/konto-acoustics.com\/hu\/akusztikai-panelek-a-promenade-gardens-i-irodafejleszteshez\/","title":{"rendered":"Akusztikai panelek a Promenade Gardens-i irodafejleszt\u00e9shez"},"content":{"rendered":"\n<p>A Promenade Gardens, a V\u00e1ci \u00fati irodatornyok \u00faj, f\u00e9nyes kieg\u00e9sz\u00edt\u0151je a DVM Group fejleszt\u00e9se. Izgalmas lehet\u0151s\u00e9get kaptunk arra, hogy hozz\u00e1j\u00e1ruljunk a DVM Design Team f\u00f6ldszinti irod\u00e1inak akusztik\u00e1j\u00e1hoz.<\/p>\n\n<p>Tervezte: <em>DVM Design Team<\/em><\/p>\n","protected":false},"excerpt":{"rendered":"<p>Fedezze fel, hogyan j\u00e1rult hozz\u00e1 a KONTO a DVM Design Team budapesti irod\u00e1j\u00e1hoz<\/p>\n","protected":false},"author":2,"featured_media":1659,"comment_status":"closed","ping_status":"closed","sticky":false,"template":"","format":"standard","meta":{"_uag_custom_page_level_css":"","footnotes":""},"categories":[120],"tags":[],"class_list":["post-1787","post","type-post","status-publish","format-standard","has-post-thumbnail","hentry","category-customer-stories"],"yoast_head":"<!-- This site is optimized with the Yoast SEO plugin v27.4 - https:\/\/yoast.com\/product\/yoast-seo-wordpress\/ -->\n<title>Akusztikai panelek a Promenade Gardens-i irodafejleszt\u00e9shez - Konto-Acoustics<\/title>\n<meta name=\"description\" content=\"Fedezze fel, hogyan j\u00e1rult hozz\u00e1 a KONTO a DVM Design Team budapesti irod\u00e1j\u00e1nak kialak\u00edt\u00e1s\u00e1hoz.\" \/>\n<meta name=\"robots\" content=\"index, follow, max-snippet:-1, max-image-preview:large, max-video-preview:-1\" \/>\n<link rel=\"canonical\" href=\"https:\/\/konto-acoustics.com\/hu\/akusztikai-panelek-a-promenade-gardens-i-irodafejleszteshez\/\" \/>\n<meta property=\"og:locale\" content=\"hu_HU\" \/>\n<meta property=\"og:type\" content=\"article\" \/>\n<meta property=\"og:title\" content=\"Akusztikai panelek a Promenade Gardens-i irodafejleszt\u00e9shez - Konto-Acoustics\" \/>\n<meta property=\"og:description\" content=\"Fedezze fel, hogyan j\u00e1rult hozz\u00e1 a KONTO a DVM Design Team budapesti irod\u00e1j\u00e1nak kialak\u00edt\u00e1s\u00e1hoz.\" \/>\n<meta property=\"og:url\" content=\"https:\/\/konto-acoustics.com\/hu\/akusztikai-panelek-a-promenade-gardens-i-irodafejleszteshez\/\" \/>\n<meta property=\"og:site_name\" content=\"Konto-Acoustics\" \/>\n<meta property=\"article:published_time\" content=\"2020-05-13T18:56:32+00:00\" \/>\n<meta property=\"article:modified_time\" content=\"2023-12-11T13:51:00+00:00\" \/>\n<meta property=\"og:image\" content=\"https:\/\/konto-acoustics.com\/wp-content\/uploads\/2020\/05\/Konto-DVM-Promenade-Gardens.jpg\" \/>\n\t<meta property=\"og:image:width\" content=\"567\" \/>\n\t<meta property=\"og:image:height\" content=\"567\" \/>\n\t<meta property=\"og:image:type\" content=\"image\/jpeg\" \/>\n<meta name=\"author\" content=\"gr47ikwi3n\" \/>\n<meta name=\"twitter:card\" content=\"summary_large_image\" \/>\n<meta name=\"twitter:creator\" content=\"@gr47ikwi3n\" \/>\n<meta name=\"twitter:label1\" content=\"Szerz\u0151:\" \/>\n\t<meta name=\"twitter:data1\" content=\"gr47ikwi3n\" \/>\n<script type=\"application\/ld+json\" class=\"yoast-schema-graph\">{\"@context\":\"https:\\\/\\\/schema.org\",\"@graph\":[{\"@type\":\"Article\",\"@id\":\"https:\\\/\\\/konto-acoustics.com\\\/hu\\\/akusztikai-panelek-a-promenade-gardens-i-irodafejleszteshez\\\/#article\",\"isPartOf\":{\"@id\":\"https:\\\/\\\/konto-acoustics.com\\\/hu\\\/akusztikai-panelek-a-promenade-gardens-i-irodafejleszteshez\\\/\"},\"author\":{\"name\":\"gr47ikwi3n\",\"@id\":\"https:\\\/\\\/konto-acoustics.com\\\/hu\\\/#\\\/schema\\\/person\\\/b14b7af912c08a62fb4d9d8d3a9b2335\"},\"headline\":\"Akusztikai panelek a Promenade Gardens-i irodafejleszt\u00e9shez\",\"datePublished\":\"2020-05-13T18:56:32+00:00\",\"dateModified\":\"2023-12-11T13:51:00+00:00\",\"mainEntityOfPage\":{\"@id\":\"https:\\\/\\\/konto-acoustics.com\\\/hu\\\/akusztikai-panelek-a-promenade-gardens-i-irodafejleszteshez\\\/\"},\"wordCount\":52,\"image\":{\"@id\":\"https:\\\/\\\/konto-acoustics.com\\\/hu\\\/akusztikai-panelek-a-promenade-gardens-i-irodafejleszteshez\\\/#primaryimage\"},\"thumbnailUrl\":\"https:\\\/\\\/konto-acoustics.com\\\/wp-content\\\/uploads\\\/2020\\\/05\\\/Konto-DVM-Promenade-Gardens.jpg\",\"articleSection\":[\"Customer Stories\"],\"inLanguage\":\"hu\"},{\"@type\":\"WebPage\",\"@id\":\"https:\\\/\\\/konto-acoustics.com\\\/hu\\\/akusztikai-panelek-a-promenade-gardens-i-irodafejleszteshez\\\/\",\"url\":\"https:\\\/\\\/konto-acoustics.com\\\/hu\\\/akusztikai-panelek-a-promenade-gardens-i-irodafejleszteshez\\\/\",\"name\":\"Akusztikai panelek a Promenade Gardens-i irodafejleszt\u00e9shez - Konto-Acoustics\",\"isPartOf\":{\"@id\":\"https:\\\/\\\/konto-acoustics.com\\\/hu\\\/#website\"},\"primaryImageOfPage\":{\"@id\":\"https:\\\/\\\/konto-acoustics.com\\\/hu\\\/akusztikai-panelek-a-promenade-gardens-i-irodafejleszteshez\\\/#primaryimage\"},\"image\":{\"@id\":\"https:\\\/\\\/konto-acoustics.com\\\/hu\\\/akusztikai-panelek-a-promenade-gardens-i-irodafejleszteshez\\\/#primaryimage\"},\"thumbnailUrl\":\"https:\\\/\\\/konto-acoustics.com\\\/wp-content\\\/uploads\\\/2020\\\/05\\\/Konto-DVM-Promenade-Gardens.jpg\",\"datePublished\":\"2020-05-13T18:56:32+00:00\",\"dateModified\":\"2023-12-11T13:51:00+00:00\",\"author\":{\"@id\":\"https:\\\/\\\/konto-acoustics.com\\\/hu\\\/#\\\/schema\\\/person\\\/b14b7af912c08a62fb4d9d8d3a9b2335\"},\"description\":\"Fedezze fel, hogyan j\u00e1rult hozz\u00e1 a KONTO a DVM Design Team budapesti irod\u00e1j\u00e1nak kialak\u00edt\u00e1s\u00e1hoz.\",\"breadcrumb\":{\"@id\":\"https:\\\/\\\/konto-acoustics.com\\\/hu\\\/akusztikai-panelek-a-promenade-gardens-i-irodafejleszteshez\\\/#breadcrumb\"},\"inLanguage\":\"hu\",\"potentialAction\":[{\"@type\":\"ReadAction\",\"target\":[\"https:\\\/\\\/konto-acoustics.com\\\/hu\\\/akusztikai-panelek-a-promenade-gardens-i-irodafejleszteshez\\\/\"]}]},{\"@type\":\"ImageObject\",\"inLanguage\":\"hu\",\"@id\":\"https:\\\/\\\/konto-acoustics.com\\\/hu\\\/akusztikai-panelek-a-promenade-gardens-i-irodafejleszteshez\\\/#primaryimage\",\"url\":\"https:\\\/\\\/konto-acoustics.com\\\/wp-content\\\/uploads\\\/2020\\\/05\\\/Konto-DVM-Promenade-Gardens.jpg\",\"contentUrl\":\"https:\\\/\\\/konto-acoustics.com\\\/wp-content\\\/uploads\\\/2020\\\/05\\\/Konto-DVM-Promenade-Gardens.jpg\",\"width\":567,\"height\":567},{\"@type\":\"BreadcrumbList\",\"@id\":\"https:\\\/\\\/konto-acoustics.com\\\/hu\\\/akusztikai-panelek-a-promenade-gardens-i-irodafejleszteshez\\\/#breadcrumb\",\"itemListElement\":[{\"@type\":\"ListItem\",\"position\":1,\"name\":\"Home\",\"item\":\"https:\\\/\\\/konto-acoustics.com\\\/hu\\\/\"},{\"@type\":\"ListItem\",\"position\":2,\"name\":\"Uncategorized @hu\",\"item\":\"https:\\\/\\\/konto-acoustics.com\\\/hu\\\/category\\\/uncategorized-hu\\\/\"},{\"@type\":\"ListItem\",\"position\":3,\"name\":\"Akusztikai panelek a Promenade Gardens-i irodafejleszt\u00e9shez\"}]},{\"@type\":\"WebSite\",\"@id\":\"https:\\\/\\\/konto-acoustics.com\\\/hu\\\/#website\",\"url\":\"https:\\\/\\\/konto-acoustics.com\\\/hu\\\/\",\"name\":\"Konto-Acoustics\",\"description\":\"ecological, non-toxic and organic products\",\"potentialAction\":[{\"@type\":\"SearchAction\",\"target\":{\"@type\":\"EntryPoint\",\"urlTemplate\":\"https:\\\/\\\/konto-acoustics.com\\\/hu\\\/?s={search_term_string}\"},\"query-input\":{\"@type\":\"PropertyValueSpecification\",\"valueRequired\":true,\"valueName\":\"search_term_string\"}}],\"inLanguage\":\"hu\"},{\"@type\":\"Person\",\"@id\":\"https:\\\/\\\/konto-acoustics.com\\\/hu\\\/#\\\/schema\\\/person\\\/b14b7af912c08a62fb4d9d8d3a9b2335\",\"name\":\"gr47ikwi3n\",\"image\":{\"@type\":\"ImageObject\",\"inLanguage\":\"hu\",\"@id\":\"https:\\\/\\\/secure.gravatar.com\\\/avatar\\\/f24d92966246a6aae0be4bfdab65b497a082721b2a4c671e8a79581c9de4fb65?s=96&d=mm&r=g\",\"url\":\"https:\\\/\\\/secure.gravatar.com\\\/avatar\\\/f24d92966246a6aae0be4bfdab65b497a082721b2a4c671e8a79581c9de4fb65?s=96&d=mm&r=g\",\"contentUrl\":\"https:\\\/\\\/secure.gravatar.com\\\/avatar\\\/f24d92966246a6aae0be4bfdab65b497a082721b2a4c671e8a79581c9de4fb65?s=96&d=mm&r=g\",\"caption\":\"gr47ikwi3n\"},\"sameAs\":[\"https:\\\/\\\/x.com\\\/gr47ikwi3n\"],\"url\":\"https:\\\/\\\/konto-acoustics.com\\\/hu\\\/author\\\/gr47ikwi3n\\\/\"}]}<\/script>\n<!-- \/ Yoast SEO plugin. -->","yoast_head_json":{"title":"Akusztikai panelek a Promenade Gardens-i irodafejleszt\u00e9shez - Konto-Acoustics","description":"Fedezze fel, hogyan j\u00e1rult hozz\u00e1 a KONTO a DVM Design Team budapesti irod\u00e1j\u00e1nak kialak\u00edt\u00e1s\u00e1hoz.","robots":{"index":"index","follow":"follow","max-snippet":"max-snippet:-1","max-image-preview":"max-image-preview:large","max-video-preview":"max-video-preview:-1"},"canonical":"https:\/\/konto-acoustics.com\/hu\/akusztikai-panelek-a-promenade-gardens-i-irodafejleszteshez\/","og_locale":"hu_HU","og_type":"article","og_title":"Akusztikai panelek a Promenade Gardens-i irodafejleszt\u00e9shez - Konto-Acoustics","og_description":"Fedezze fel, hogyan j\u00e1rult hozz\u00e1 a KONTO a DVM Design Team budapesti irod\u00e1j\u00e1nak kialak\u00edt\u00e1s\u00e1hoz.","og_url":"https:\/\/konto-acoustics.com\/hu\/akusztikai-panelek-a-promenade-gardens-i-irodafejleszteshez\/","og_site_name":"Konto-Acoustics","article_published_time":"2020-05-13T18:56:32+00:00","article_modified_time":"2023-12-11T13:51:00+00:00","og_image":[{"width":567,"height":567,"url":"https:\/\/konto-acoustics.com\/wp-content\/uploads\/2020\/05\/Konto-DVM-Promenade-Gardens.jpg","type":"image\/jpeg"}],"author":"gr47ikwi3n","twitter_card":"summary_large_image","twitter_creator":"@gr47ikwi3n","twitter_misc":{"Szerz\u0151:":"gr47ikwi3n"},"schema":{"@context":"https:\/\/schema.org","@graph":[{"@type":"Article","@id":"https:\/\/konto-acoustics.com\/hu\/akusztikai-panelek-a-promenade-gardens-i-irodafejleszteshez\/#article","isPartOf":{"@id":"https:\/\/konto-acoustics.com\/hu\/akusztikai-panelek-a-promenade-gardens-i-irodafejleszteshez\/"},"author":{"name":"gr47ikwi3n","@id":"https:\/\/konto-acoustics.com\/hu\/#\/schema\/person\/b14b7af912c08a62fb4d9d8d3a9b2335"},"headline":"Akusztikai panelek a Promenade Gardens-i irodafejleszt\u00e9shez","datePublished":"2020-05-13T18:56:32+00:00","dateModified":"2023-12-11T13:51:00+00:00","mainEntityOfPage":{"@id":"https:\/\/konto-acoustics.com\/hu\/akusztikai-panelek-a-promenade-gardens-i-irodafejleszteshez\/"},"wordCount":52,"image":{"@id":"https:\/\/konto-acoustics.com\/hu\/akusztikai-panelek-a-promenade-gardens-i-irodafejleszteshez\/#primaryimage"},"thumbnailUrl":"https:\/\/konto-acoustics.com\/wp-content\/uploads\/2020\/05\/Konto-DVM-Promenade-Gardens.jpg","articleSection":["Customer Stories"],"inLanguage":"hu"},{"@type":"WebPage","@id":"https:\/\/konto-acoustics.com\/hu\/akusztikai-panelek-a-promenade-gardens-i-irodafejleszteshez\/","url":"https:\/\/konto-acoustics.com\/hu\/akusztikai-panelek-a-promenade-gardens-i-irodafejleszteshez\/","name":"Akusztikai panelek a Promenade Gardens-i irodafejleszt\u00e9shez - Konto-Acoustics","isPartOf":{"@id":"https:\/\/konto-acoustics.com\/hu\/#website"},"primaryImageOfPage":{"@id":"https:\/\/konto-acoustics.com\/hu\/akusztikai-panelek-a-promenade-gardens-i-irodafejleszteshez\/#primaryimage"},"image":{"@id":"https:\/\/konto-acoustics.com\/hu\/akusztikai-panelek-a-promenade-gardens-i-irodafejleszteshez\/#primaryimage"},"thumbnailUrl":"https:\/\/konto-acoustics.com\/wp-content\/uploads\/2020\/05\/Konto-DVM-Promenade-Gardens.jpg","datePublished":"2020-05-13T18:56:32+00:00","dateModified":"2023-12-11T13:51:00+00:00","author":{"@id":"https:\/\/konto-acoustics.com\/hu\/#\/schema\/person\/b14b7af912c08a62fb4d9d8d3a9b2335"},"description":"Fedezze fel, hogyan j\u00e1rult hozz\u00e1 a KONTO a DVM Design Team budapesti irod\u00e1j\u00e1nak kialak\u00edt\u00e1s\u00e1hoz.","breadcrumb":{"@id":"https:\/\/konto-acoustics.com\/hu\/akusztikai-panelek-a-promenade-gardens-i-irodafejleszteshez\/#breadcrumb"},"inLanguage":"hu","potentialAction":[{"@type":"ReadAction","target":["https:\/\/konto-acoustics.com\/hu\/akusztikai-panelek-a-promenade-gardens-i-irodafejleszteshez\/"]}]},{"@type":"ImageObject","inLanguage":"hu","@id":"https:\/\/konto-acoustics.com\/hu\/akusztikai-panelek-a-promenade-gardens-i-irodafejleszteshez\/#primaryimage","url":"https:\/\/konto-acoustics.com\/wp-content\/uploads\/2020\/05\/Konto-DVM-Promenade-Gardens.jpg","contentUrl":"https:\/\/konto-acoustics.com\/wp-content\/uploads\/2020\/05\/Konto-DVM-Promenade-Gardens.jpg","width":567,"height":567},{"@type":"BreadcrumbList","@id":"https:\/\/konto-acoustics.com\/hu\/akusztikai-panelek-a-promenade-gardens-i-irodafejleszteshez\/#breadcrumb","itemListElement":[{"@type":"ListItem","position":1,"name":"Home","item":"https:\/\/konto-acoustics.com\/hu\/"},{"@type":"ListItem","position":2,"name":"Uncategorized @hu","item":"https:\/\/konto-acoustics.com\/hu\/category\/uncategorized-hu\/"},{"@type":"ListItem","position":3,"name":"Akusztikai panelek a Promenade Gardens-i irodafejleszt\u00e9shez"}]},{"@type":"WebSite","@id":"https:\/\/konto-acoustics.com\/hu\/#website","url":"https:\/\/konto-acoustics.com\/hu\/","name":"Konto-Acoustics","description":"ecological, non-toxic and organic products","potentialAction":[{"@type":"SearchAction","target":{"@type":"EntryPoint","urlTemplate":"https:\/\/konto-acoustics.com\/hu\/?s={search_term_string}"},"query-input":{"@type":"PropertyValueSpecification","valueRequired":true,"valueName":"search_term_string"}}],"inLanguage":"hu"},{"@type":"Person","@id":"https:\/\/konto-acoustics.com\/hu\/#\/schema\/person\/b14b7af912c08a62fb4d9d8d3a9b2335","name":"gr47ikwi3n","image":{"@type":"ImageObject","inLanguage":"hu","@id":"https:\/\/secure.gravatar.com\/avatar\/f24d92966246a6aae0be4bfdab65b497a082721b2a4c671e8a79581c9de4fb65?s=96&d=mm&r=g","url":"https:\/\/secure.gravatar.com\/avatar\/f24d92966246a6aae0be4bfdab65b497a082721b2a4c671e8a79581c9de4fb65?s=96&d=mm&r=g","contentUrl":"https:\/\/secure.gravatar.com\/avatar\/f24d92966246a6aae0be4bfdab65b497a082721b2a4c671e8a79581c9de4fb65?s=96&d=mm&r=g","caption":"gr47ikwi3n"},"sameAs":["https:\/\/x.com\/gr47ikwi3n"],"url":"https:\/\/konto-acoustics.com\/hu\/author\/gr47ikwi3n\/"}]}},"uagb_featured_image_src":{"full":["https:\/\/konto-acoustics.com\/wp-content\/uploads\/2020\/05\/Konto-DVM-Promenade-Gardens.jpg",567,567,false],"thumbnail":["https:\/\/konto-acoustics.com\/wp-content\/uploads\/2020\/05\/Konto-DVM-Promenade-Gardens-150x150.jpg",150,150,true],"medium":["https:\/\/konto-acoustics.com\/wp-content\/uploads\/2020\/05\/Konto-DVM-Promenade-Gardens-300x300.jpg",300,300,true],"medium_large":["https:\/\/konto-acoustics.com\/wp-content\/uploads\/2020\/05\/Konto-DVM-Promenade-Gardens.jpg",567,567,false],"large":["https:\/\/konto-acoustics.com\/wp-content\/uploads\/2020\/05\/Konto-DVM-Promenade-Gardens.jpg",567,567,false],"1536x1536":["https:\/\/konto-acoustics.com\/wp-content\/uploads\/2020\/05\/Konto-DVM-Promenade-Gardens.jpg",567,567,false],"2048x2048":["https:\/\/konto-acoustics.com\/wp-content\/uploads\/2020\/05\/Konto-DVM-Promenade-Gardens.jpg",567,567,false],"woocommerce_thumbnail":["https:\/\/konto-acoustics.com\/wp-content\/uploads\/2020\/05\/Konto-DVM-Promenade-Gardens-300x300.jpg",300,300,true],"woocommerce_single":["https:\/\/konto-acoustics.com\/wp-content\/uploads\/2020\/05\/Konto-DVM-Promenade-Gardens.jpg",567,567,false],"woocommerce_gallery_thumbnail":["https:\/\/konto-acoustics.com\/wp-content\/uploads\/2020\/05\/Konto-DVM-Promenade-Gardens-100x100.jpg",100,100,true]},"uagb_author_info":{"display_name":"gr47ikwi3n","author_link":"https:\/\/konto-acoustics.com\/hu\/author\/gr47ikwi3n\/"},"uagb_comment_info":0,"uagb_excerpt":"Fedezze fel, hogyan j\u00e1rult hozz\u00e1 a KONTO a DVM Design Team budapesti irod\u00e1j\u00e1hoz","_links":{"self":[{"href":"https:\/\/konto-acoustics.com\/hu\/wp-json\/wp\/v2\/posts\/1787","targetHints":{"allow":["GET"]}}],"collection":[{"href":"https:\/\/konto-acoustics.com\/hu\/wp-json\/wp\/v2\/posts"}],"about":[{"href":"https:\/\/konto-acoustics.com\/hu\/wp-json\/wp\/v2\/types\/post"}],"author":[{"embeddable":true,"href":"https:\/\/konto-acoustics.com\/hu\/wp-json\/wp\/v2\/users\/2"}],"replies":[{"embeddable":true,"href":"https:\/\/konto-acoustics.com\/hu\/wp-json\/wp\/v2\/comments?post=1787"}],"version-history":[{"count":1,"href":"https:\/\/konto-acoustics.com\/hu\/wp-json\/wp\/v2\/posts\/1787\/revisions"}],"predecessor-version":[{"id":1790,"href":"https:\/\/konto-acoustics.com\/hu\/wp-json\/wp\/v2\/posts\/1787\/revisions\/1790"}],"wp:featuredmedia":[{"embeddable":true,"href":"https:\/\/konto-acoustics.com\/hu\/wp-json\/wp\/v2\/media\/1659"}],"wp:attachment":[{"href":"https:\/\/konto-acoustics.com\/hu\/wp-json\/wp\/v2\/media?parent=1787"}],"wp:term":[{"taxonomy":"category","embeddable":true,"href":"https:\/\/konto-acoustics.com\/hu\/wp-json\/wp\/v2\/categories?post=1787"},{"taxonomy":"post_tag","embeddable":true,"href":"https:\/\/konto-acoustics.com\/hu\/wp-json\/wp\/v2\/tags?post=1787"}],"curies":[{"name":"wp","href":"https:\/\/api.w.org\/{rel}","templated":true}]}}